{"id":584,"date":"2021-09-02T09:55:18","date_gmt":"2021-09-02T12:55:18","guid":{"rendered":"https:\/\/economicas.unsa.edu.ar\/si\/?p=584"},"modified":"2021-09-10T02:21:15","modified_gmt":"2021-09-10T05:21:15","slug":"premios-a-los-mejores-trabajos-2","status":"publish","type":"post","link":"https:\/\/economicas.unsa.edu.ar\/si\/?p=584","title":{"rendered":"Conferencistas del \u00c1rea Jur\u00eddica\u200b"},"content":{"rendered":"\t\t<div data-elementor-type=\"wp-post\" data-elementor-id=\"584\" class=\"elementor elementor-584\" data-elementor-settings=\"[]\">\n\t\t\t\t\t\t\t<div class=\"elementor-section-wrap\">\n\t\t\t\t\t\t\t<section class=\"elementor-section elementor-top-section elementor-element elementor-element-820bb8b elementor-section-boxed elementor-section-height-default elementor-section-height-default\" data-id=\"820bb8b\" data-element_type=\"section\">\n\t\t\t\t\t\t<div class=\"elementor-container elementor-column-gap-default\">\n\t\t\t\t\t<div class=\"elementor-column elementor-col-100 elementor-top-column elementor-element elementor-element-aca8773\" data-id=\"aca8773\" data-element_type=\"column\">\n\t\t\t<div class=\"elementor-widget-wrap elementor-element-populated\">\n\t\t\t\t\t\t\t\t<div class=\"elementor-element elementor-element-087fe04 elementor-widget elementor-widget-heading\" data-id=\"087fe04\" data-element_type=\"widget\" data-widget_type=\"heading.default\">\n\t\t\t\t<div class=\"elementor-widget-container\">\n\t\t\t<h2 class=\"elementor-heading-title elementor-size-default\">Conferencistas del \u00c1rea Jur\u00eddica<\/h2>\t\t<\/div>\n\t\t\t\t<\/div>\n\t\t\t\t\t<\/div>\n\t\t<\/div>\n\t\t\t\t\t\t\t<\/div>\n\t\t<\/section>\n\t\t\t\t<section class=\"elementor-section elementor-top-section elementor-element elementor-element-264ee50 elementor-section-boxed elementor-section-height-default elementor-section-height-default\" data-id=\"264ee50\" data-element_type=\"section\">\n\t\t\t\t\t\t<div class=\"elementor-container elementor-column-gap-default\">\n\t\t\t\t\t<div class=\"elementor-column elementor-col-100 elementor-top-column elementor-element elementor-element-32fb803\" data-id=\"32fb803\" data-element_type=\"column\">\n\t\t\t<div class=\"elementor-widget-wrap elementor-element-populated\">\n\t\t\t\t\t\t\t\t<div class=\"elementor-element elementor-element-caafb7b elementor-widget elementor-widget-text-editor\" data-id=\"caafb7b\" data-element_type=\"widget\" data-widget_type=\"text-editor.default\">\n\t\t\t\t<div class=\"elementor-widget-container\">\n\t\t\t\t\t\t\t\t<p>Tenemos el agrado de informar que en \u00e9stas Jornadas de Investigaci\u00f3n contaremos con la presencia de <strong>Sebasti\u00e1n Lloret<\/strong> y <strong>Renato Rabbi Baldi<\/strong> como conferencistas dentro del \u00e1rea Jur\u00eddica. Los mismos disertar\u00e1n en las jornadas, el d\u00eda 15 de octubre a las 18.00 hs.<\/p>\t\t\t\t\t\t<\/div>\n\t\t\t\t<\/div>\n\t\t\t\t\t<\/div>\n\t\t<\/div>\n\t\t\t\t\t\t\t<\/div>\n\t\t<\/section>\n\t\t\t\t<section class=\"elementor-section elementor-top-section elementor-element elementor-element-643e6b2 elementor-section-boxed elementor-section-height-default elementor-section-height-default\" data-id=\"643e6b2\" data-element_type=\"section\">\n\t\t\t\t\t\t<div class=\"elementor-container elementor-column-gap-default\">\n\t\t\t\t\t<div class=\"elementor-column elementor-col-50 elementor-top-column elementor-element elementor-element-7a4417b\" data-id=\"7a4417b\" data-element_type=\"column\">\n\t\t\t<div class=\"elementor-widget-wrap elementor-element-populated\">\n\t\t\t\t\t\t\t\t<div class=\"elementor-element elementor-element-98f34a3 elementor-widget elementor-widget-image\" data-id=\"98f34a3\" data-element_type=\"widget\" data-widget_type=\"image.default\">\n\t\t\t\t<div class=\"elementor-widget-container\">\n\t\t\t\t\t\t\t\t\t\t\t\t\t\t\t<img loading=\"lazy\" decoding=\"async\" width=\"300\" height=\"263\" src=\"https:\/\/economicas.unsa.edu.ar\/si\/wp-content\/uploads\/2021\/09\/sl-300x263.png\" class=\"attachment-medium size-medium\" alt=\"\" srcset=\"https:\/\/economicas.unsa.edu.ar\/si\/wp-content\/uploads\/2021\/09\/sl-300x263.png 300w, https:\/\/economicas.unsa.edu.ar\/si\/wp-content\/uploads\/2021\/09\/sl-1024x896.png 1024w, https:\/\/economicas.unsa.edu.ar\/si\/wp-content\/uploads\/2021\/09\/sl-768x672.png 768w, https:\/\/economicas.unsa.edu.ar\/si\/wp-content\/uploads\/2021\/09\/sl-e1630588746614.png 571w\" sizes=\"auto, (max-width: 300px) 100vw, 300px\" \/>\t\t\t\t\t\t\t\t\t\t\t\t\t\t\t<\/div>\n\t\t\t\t<\/div>\n\t\t\t\t<div class=\"elementor-element elementor-element-29c4a56 elementor-widget elementor-widget-text-editor\" data-id=\"29c4a56\" data-element_type=\"widget\" data-widget_type=\"text-editor.default\">\n\t\t\t\t<div class=\"elementor-widget-container\">\n\t\t\t\t\t\t\t\t<h4 style=\"text-align: center;\"><span style=\"color: #9d3483;\"><strong>SEBASTI\u00c1N LLORET<\/strong><\/span><\/h4><p>\u00a0<\/p><ul><li>Master en Derecho Ambiental, Universidad del Pa\u00eds Vasco (UPV-EHU) Espa\u00f1a.<\/li><li>Sub Director de la Maestr\u00eda en Derecho Privado \u2013 UNSa.<\/li><li>Profesor Titular en la Maestr\u00eda en Gesti\u00f3n Ambiental y en la Maestr\u00eda en Relaciones Internacionales &#8211; Universidad Cat\u00f3lica De Salta.<\/li><li>Experto para la Oficina Regional del P.N.U.M.A. \/ O.N.U. en acceso a la justicia ambiental para el sector fiscal en toda la Regi\u00f3n (Proyecto 2016).<\/li><li>Consultor Externo del Centro de Estudios de Justicia de la Am\u00e9ricas (CEJA) en asuntos de litigaci\u00f3n ambiental.<\/li><li>Autor de art\u00edculos, papers y libros de divulgaci\u00f3n cient\u00edfica y doctrina en Argentina y el extranjero.<\/li><\/ul>\t\t\t\t\t\t<\/div>\n\t\t\t\t<\/div>\n\t\t\t\t\t<\/div>\n\t\t<\/div>\n\t\t\t\t<div class=\"elementor-column elementor-col-50 elementor-top-column elementor-element elementor-element-4fd69d3\" data-id=\"4fd69d3\" data-element_type=\"column\">\n\t\t\t<div class=\"elementor-widget-wrap elementor-element-populated\">\n\t\t\t\t\t\t\t\t<div class=\"elementor-element elementor-element-e31a8b7 elementor-widget elementor-widget-image\" data-id=\"e31a8b7\" data-element_type=\"widget\" data-widget_type=\"image.default\">\n\t\t\t\t<div class=\"elementor-widget-container\">\n\t\t\t\t\t\t\t\t\t\t\t\t\t\t\t<img loading=\"lazy\" decoding=\"async\" width=\"300\" height=\"262\" src=\"https:\/\/economicas.unsa.edu.ar\/si\/wp-content\/uploads\/2021\/09\/imagen_2021-09-02_101724-e1630588862483-300x262.png\" class=\"attachment-medium size-medium\" alt=\"\" srcset=\"https:\/\/economicas.unsa.edu.ar\/si\/wp-content\/uploads\/2021\/09\/imagen_2021-09-02_101724-e1630588862483-300x262.png 300w, https:\/\/economicas.unsa.edu.ar\/si\/wp-content\/uploads\/2021\/09\/imagen_2021-09-02_101724-e1630588862483.png 395w\" sizes=\"auto, (max-width: 300px) 100vw, 300px\" \/>\t\t\t\t\t\t\t\t\t\t\t\t\t\t\t<\/div>\n\t\t\t\t<\/div>\n\t\t\t\t<div class=\"elementor-element elementor-element-9880be6 elementor-widget elementor-widget-text-editor\" data-id=\"9880be6\" data-element_type=\"widget\" data-widget_type=\"text-editor.default\">\n\t\t\t\t<div class=\"elementor-widget-container\">\n\t\t\t\t\t\t\t\t<h4 style=\"text-align: center;\"><span style=\"color: #9d3483;\"><strong>RENATO RABBI BALDI<\/strong><\/span><\/h4><p>\u00a0<\/p><ul><li>Profesor Titular de Teor\u00eda General y Filosof\u00eda del Derecho, Universidad de Buenos Aires.<\/li><li>Doctor en Derecho, Universidad de Navarra, Espa\u00f1a, 1989.<\/li><li>Estudios postdoctorales en la Universidad de M\u00fcnster, Alemania, 1990-1991 y en el Instituto Internacional de Derechos Humanos, Estrasburgo, Francia, 1997.<\/li><li>Premio \u201cAcc\u00e9sit\u201d de la Academia Nacional de Derecho y Ciencias Sociales de Buenos Aires (2010) por el libro \u201cTeor\u00eda del Derecho\u201d.<\/li><li>Desde 2018, Presidente Asociaci\u00f3n Argentina de Filosof\u00eda del Derecho (AAFD).<\/li><li>Desde 2012, Acad\u00e9mico de la Academia Nacional de Ciencias Morales y Pol\u00edticas, Buenos Aires.<\/li><li>Autor de art\u00edculos, papers y libros de divulgaci\u00f3n cient\u00edfica y doctrina en Argentina y el extranjero.<\/li><\/ul>\t\t\t\t\t\t<\/div>\n\t\t\t\t<\/div>\n\t\t\t\t\t<\/div>\n\t\t<\/div>\n\t\t\t\t\t\t\t<\/div>\n\t\t<\/section>\n\t\t\t\t\t\t<\/div>\n\t\t\t\t\t<\/div>\n\t\t","protected":false},"excerpt":{"rendered":"<p>Tenemos el agrado de informar que en \u00e9stas Jornadas de Investigaci\u00f3n contaremos con la presencia de Sebasti\u00e1n Lloret y Renato Rabbi Baldi&#8230;<\/p>\n","protected":false},"author":2,"featured_media":0,"comment_status":"closed","ping_status":"open","sticky":false,"template":"elementor_header_footer","format":"standard","meta":{"footnotes":""},"categories":[8,3],"tags":[],"class_list":["post-584","post","type-post","status-publish","format-standard","hentry","category-derecho","category-novedades"],"_links":{"self":[{"href":"https:\/\/economicas.unsa.edu.ar\/si\/index.php?rest_route=\/wp\/v2\/posts\/584","targetHints":{"allow":["GET"]}}],"collection":[{"href":"https:\/\/economicas.unsa.edu.ar\/si\/index.php?rest_route=\/wp\/v2\/posts"}],"about":[{"href":"https:\/\/economicas.unsa.edu.ar\/si\/index.php?rest_route=\/wp\/v2\/types\/post"}],"author":[{"embeddable":true,"href":"https:\/\/economicas.unsa.edu.ar\/si\/index.php?rest_route=\/wp\/v2\/users\/2"}],"replies":[{"embeddable":true,"href":"https:\/\/economicas.unsa.edu.ar\/si\/index.php?rest_route=%2Fwp%2Fv2%2Fcomments&post=584"}],"version-history":[{"count":18,"href":"https:\/\/economicas.unsa.edu.ar\/si\/index.php?rest_route=\/wp\/v2\/posts\/584\/revisions"}],"predecessor-version":[{"id":608,"href":"https:\/\/economicas.unsa.edu.ar\/si\/index.php?rest_route=\/wp\/v2\/posts\/584\/revisions\/608"}],"wp:attachment":[{"href":"https:\/\/economicas.unsa.edu.ar\/si\/index.php?rest_route=%2Fwp%2Fv2%2Fmedia&parent=584"}],"wp:term":[{"taxonomy":"category","embeddable":true,"href":"https:\/\/economicas.unsa.edu.ar\/si\/index.php?rest_route=%2Fwp%2Fv2%2Fcategories&post=584"},{"taxonomy":"post_tag","embeddable":true,"href":"https:\/\/economicas.unsa.edu.ar\/si\/index.php?rest_route=%2Fwp%2Fv2%2Ftags&post=584"}],"curies":[{"name":"wp","href":"https:\/\/api.w.org\/{rel}","templated":true}]}}