{"id":617,"date":"2021-09-08T19:25:46","date_gmt":"2021-09-08T22:25:46","guid":{"rendered":"https:\/\/economicas.unsa.edu.ar\/si\/?p=617"},"modified":"2021-09-18T08:18:38","modified_gmt":"2021-09-18T11:18:38","slug":"conferencistas-del-area-contabilidad","status":"publish","type":"post","link":"https:\/\/economicas.unsa.edu.ar\/si\/?p=617","title":{"rendered":"Conferencistas del \u00c1rea Contabilidad"},"content":{"rendered":"\t\t<div data-elementor-type=\"wp-post\" data-elementor-id=\"617\" class=\"elementor elementor-617\" data-elementor-settings=\"[]\">\n\t\t\t\t\t\t\t<div class=\"elementor-section-wrap\">\n\t\t\t\t\t\t\t<section class=\"elementor-section elementor-top-section elementor-element elementor-element-820bb8b elementor-section-boxed elementor-section-height-default elementor-section-height-default\" data-id=\"820bb8b\" data-element_type=\"section\">\n\t\t\t\t\t\t<div class=\"elementor-container elementor-column-gap-default\">\n\t\t\t\t\t<div class=\"elementor-column elementor-col-100 elementor-top-column elementor-element elementor-element-aca8773\" data-id=\"aca8773\" data-element_type=\"column\">\n\t\t\t<div class=\"elementor-widget-wrap elementor-element-populated\">\n\t\t\t\t\t\t\t\t<div class=\"elementor-element elementor-element-087fe04 elementor-widget elementor-widget-heading\" data-id=\"087fe04\" data-element_type=\"widget\" data-widget_type=\"heading.default\">\n\t\t\t\t<div class=\"elementor-widget-container\">\n\t\t\t<h2 class=\"elementor-heading-title elementor-size-default\">Vivencias de la Investigaci\u00f3n en Contabilidad<\/h2>\t\t<\/div>\n\t\t\t\t<\/div>\n\t\t\t\t\t<\/div>\n\t\t<\/div>\n\t\t\t\t\t\t\t<\/div>\n\t\t<\/section>\n\t\t\t\t<section class=\"elementor-section elementor-top-section elementor-element elementor-element-264ee50 elementor-section-boxed elementor-section-height-default elementor-section-height-default\" data-id=\"264ee50\" data-element_type=\"section\">\n\t\t\t\t\t\t<div class=\"elementor-container elementor-column-gap-default\">\n\t\t\t\t\t<div class=\"elementor-column elementor-col-100 elementor-top-column elementor-element elementor-element-32fb803\" data-id=\"32fb803\" data-element_type=\"column\">\n\t\t\t<div class=\"elementor-widget-wrap elementor-element-populated\">\n\t\t\t\t\t\t\t\t<div class=\"elementor-element elementor-element-caafb7b elementor-widget elementor-widget-text-editor\" data-id=\"caafb7b\" data-element_type=\"widget\" data-widget_type=\"text-editor.default\">\n\t\t\t\t<div class=\"elementor-widget-container\">\n\t\t\t\t\t\t\t\t<p>Tenemos el agrado de informar que en \u00e9stas Jornadas de Investigaci\u00f3n contaremos con la presencia de <strong>Jorge D. Simaro<\/strong>,\u00a0<strong>Omar Edgardo\u00a0<\/strong><span style=\"color: var( --e-global-color-text ); font-family: var( --e-global-typography-text-font-family ), Sans-serif; font-size: 1rem; font-weight: bold;\">Tonelli<\/span><span style=\"color: var( --e-global-color-text ); font-family: var( --e-global-typography-text-font-family ), Sans-serif; font-weight: var( --e-global-typography-text-font-weight ); font-size: 1rem;\">\u00a0<\/span><span style=\"font-style: inherit; color: var( --e-global-color-text ); font-family: var( --e-global-typography-text-font-family ), Sans-serif;\">\u00a0y<\/span><strong style=\"font-style: inherit; color: var( --e-global-color-text ); font-family: var( --e-global-typography-text-font-family ), Sans-serif;\"> Silvina Beatriz Marcolini <\/strong><span style=\"font-style: inherit; font-weight: inherit; color: var( --e-global-color-text ); font-family: var( --e-global-typography-text-font-family ), Sans-serif;\">como conferencistas dentro del \u00e1rea de Contabilidad.<\/span><\/p>\t\t\t\t\t\t<\/div>\n\t\t\t\t<\/div>\n\t\t\t\t\t<\/div>\n\t\t<\/div>\n\t\t\t\t\t\t\t<\/div>\n\t\t<\/section>\n\t\t\t\t<section class=\"elementor-section elementor-top-section elementor-element elementor-element-643e6b2 elementor-section-boxed elementor-section-height-default elementor-section-height-default\" data-id=\"643e6b2\" data-element_type=\"section\">\n\t\t\t\t\t\t<div class=\"elementor-container elementor-column-gap-default\">\n\t\t\t\t\t<div class=\"elementor-column elementor-col-50 elementor-top-column elementor-element elementor-element-7a4417b\" data-id=\"7a4417b\" data-element_type=\"column\">\n\t\t\t<div class=\"elementor-widget-wrap elementor-element-populated\">\n\t\t\t\t\t\t\t\t<div class=\"elementor-element elementor-element-98f34a3 elementor-widget elementor-widget-image\" data-id=\"98f34a3\" data-element_type=\"widget\" data-widget_type=\"image.default\">\n\t\t\t\t<div class=\"elementor-widget-container\">\n\t\t\t\t\t\t\t\t\t\t\t\t\t\t\t<img loading=\"lazy\" decoding=\"async\" width=\"300\" height=\"264\" src=\"https:\/\/economicas.unsa.edu.ar\/si\/wp-content\/uploads\/2021\/09\/Simaro-300x264.jpg\" class=\"attachment-medium size-medium\" alt=\"\" srcset=\"https:\/\/economicas.unsa.edu.ar\/si\/wp-content\/uploads\/2021\/09\/Simaro-300x264.jpg 300w, https:\/\/economicas.unsa.edu.ar\/si\/wp-content\/uploads\/2021\/09\/Simaro.jpg 312w\" sizes=\"auto, (max-width: 300px) 100vw, 300px\" \/>\t\t\t\t\t\t\t\t\t\t\t\t\t\t\t<\/div>\n\t\t\t\t<\/div>\n\t\t\t\t<div class=\"elementor-element elementor-element-29c4a56 elementor-widget elementor-widget-text-editor\" data-id=\"29c4a56\" data-element_type=\"widget\" data-widget_type=\"text-editor.default\">\n\t\t\t\t<div class=\"elementor-widget-container\">\n\t\t\t\t\t\t\t\t<h4 style=\"text-align: center;\"><span style=\"color: #9d3483;\"><strong>JORGE D. SIMARO<\/strong><\/span><\/h4><ul><li>Master en Administraci\u00f3n de Negocios (MBA) de la Facultad de Ciencias Econ\u00f3micas de la Universidad Nacional del Centro de la Provincia de Buenos Aires (FCE-UNICEN) y<\/li><li>Contador P\u00fablico (FCE-UNICEN).<\/li><li>Profesor Titular Ordinario del \u00c1rea de Teor\u00eda Contable de la FCE-UNICEN y<\/li><li>Profesor de posgrado en varias instituciones.<\/li><li>Investigador Categor\u00eda III del Programa de Incentivos.<\/li><li>Investigaciones centradas en la tem\u00e1tica del Capital Intelectual, el Reporte Integrado y temas contables vinculados con la actividad agropecuaria.<\/li><li>Autor de publicaciones de estas tem\u00e1ticas, habiendo recibido varios Premios por los trabajos presentados en las Jornadas Universitarias de Contabilidad.<\/li><li>Coautor del libro \u201cLecturas de Contabilidad B\u00e1sica\u201d de Editorial Buyatti y del Informe 27 de la Federaci\u00f3n Argentina de Consejos Profesionales de Ciencias Econ\u00f3micas \u201cTratamiento contable de los arrendamientos financieros\u201d.<\/li><li>Se ha desempe\u00f1ado en puestos gerenciales en empresas de la ciudad de Tandil y ejerce actualmente como profesional independiente.<\/li><\/ul>\t\t\t\t\t\t<\/div>\n\t\t\t\t<\/div>\n\t\t\t\t\t<\/div>\n\t\t<\/div>\n\t\t\t\t<div class=\"elementor-column elementor-col-50 elementor-top-column elementor-element elementor-element-4fd69d3\" data-id=\"4fd69d3\" data-element_type=\"column\">\n\t\t\t<div class=\"elementor-widget-wrap elementor-element-populated\">\n\t\t\t\t\t\t\t\t<div class=\"elementor-element elementor-element-e31a8b7 elementor-widget elementor-widget-image\" data-id=\"e31a8b7\" data-element_type=\"widget\" data-widget_type=\"image.default\">\n\t\t\t\t<div class=\"elementor-widget-container\">\n\t\t\t\t\t\t\t\t\t\t\t\t\t\t\t<img loading=\"lazy\" decoding=\"async\" width=\"300\" height=\"263\" src=\"https:\/\/economicas.unsa.edu.ar\/si\/wp-content\/uploads\/2021\/09\/Tonelli-300x263.jpg\" class=\"attachment-medium size-medium\" alt=\"\" srcset=\"https:\/\/economicas.unsa.edu.ar\/si\/wp-content\/uploads\/2021\/09\/Tonelli-300x263.jpg 300w, https:\/\/economicas.unsa.edu.ar\/si\/wp-content\/uploads\/2021\/09\/Tonelli.jpg 308w\" sizes=\"auto, (max-width: 300px) 100vw, 300px\" \/>\t\t\t\t\t\t\t\t\t\t\t\t\t\t\t<\/div>\n\t\t\t\t<\/div>\n\t\t\t\t<div class=\"elementor-element elementor-element-9880be6 elementor-widget elementor-widget-text-editor\" data-id=\"9880be6\" data-element_type=\"widget\" data-widget_type=\"text-editor.default\">\n\t\t\t\t<div class=\"elementor-widget-container\">\n\t\t\t\t\t\t\t\t<h4 style=\"text-align: center;\"><span style=\"color: #9d3483;\"><strong>OMAR EDGARDO TONELLI<\/strong><\/span><\/h4><ul><li>Mag\u00edster en Administraci\u00f3n de Negocios (MBA) de la Facultad de Ciencias Econ\u00f3micas de la Universidad Nacional del Centro (FCE-UNICEN) con Applied Business Management Program en la California State University.<\/li><li>Contador P\u00fablico (FCE-UNICEN).<\/li><li>Profesor Asociado Ordinario Departamento Contabilidad Auditor\u00eda y Costos (FCE-UNICEN).<\/li><li>Profesor de posgrado en varias Instituciones. Investigador de temas contables, Categor\u00eda III del Programa de Incentivos.<\/li><li>Coautor del libro \u201cLecturas de Contabilidad B\u00e1sica\u201d, Editorial Buyatti y del \u201cInforme 27 &#8211; Tratamiento Contable de los Arrendamientos Financieros\u201d, Federaci\u00f3n Argentina de Consejos Profesionales de Ciencias Econ\u00f3micas.<\/li><li>Autor de publicaciones de la tem\u00e1tica en revistas nacionales e internacionales. Ha recibido varios Premios por los trabajos presentados en las Jornadas Universitarias de Contabilidad<\/li><li>Ejerce la Profesi\u00f3n independiente desde 1985 y Gerencia de empresas pymes desde 1990.<\/li><\/ul>\t\t\t\t\t\t<\/div>\n\t\t\t\t<\/div>\n\t\t\t\t\t<\/div>\n\t\t<\/div>\n\t\t\t\t\t\t\t<\/div>\n\t\t<\/section>\n\t\t\t\t<section class=\"elementor-section elementor-top-section elementor-element elementor-element-760b091 elementor-section-boxed elementor-section-height-default elementor-section-height-default\" data-id=\"760b091\" data-element_type=\"section\">\n\t\t\t\t\t\t<div class=\"elementor-container elementor-column-gap-default\">\n\t\t\t\t\t<div class=\"elementor-column elementor-col-100 elementor-top-column elementor-element elementor-element-f57636d\" data-id=\"f57636d\" data-element_type=\"column\">\n\t\t\t<div class=\"elementor-widget-wrap elementor-element-populated\">\n\t\t\t\t\t\t\t\t<div class=\"elementor-element elementor-element-099b8d1 elementor-widget-divider--separator-type-pattern elementor-widget-divider--view-line elementor-widget elementor-widget-divider\" data-id=\"099b8d1\" data-element_type=\"widget\" data-widget_type=\"divider.default\">\n\t\t\t\t<div class=\"elementor-widget-container\">\n\t\t\t\t\t<div class=\"elementor-divider\" style=\"--divider-pattern-url: url(&quot;data:image\/svg+xml,%3Csvg xmlns=&#039;http:\/\/www.w3.org\/2000\/svg&#039; preserveAspectRatio=&#039;none&#039; overflow=&#039;visible&#039; height=&#039;100%&#039; viewBox=&#039;0 0 20 16&#039; fill=&#039;none&#039; stroke=&#039;black&#039; stroke-width=&#039;1&#039; stroke-linecap=&#039;square&#039; stroke-miterlimit=&#039;10&#039;%3E%3Cg transform=&#039;translate(-12.000000, 0)&#039;%3E%3Cpath d=&#039;M28,0L10,18&#039;\/%3E%3Cpath d=&#039;M18,0L0,18&#039;\/%3E%3Cpath d=&#039;M48,0L30,18&#039;\/%3E%3Cpath d=&#039;M38,0L20,18&#039;\/%3E%3C\/g%3E%3C\/svg%3E&quot;);\">\n\t\t\t<span class=\"elementor-divider-separator\">\n\t\t\t\t\t\t<\/span>\n\t\t<\/div>\n\t\t\t\t<\/div>\n\t\t\t\t<\/div>\n\t\t\t\t\t<\/div>\n\t\t<\/div>\n\t\t\t\t\t\t\t<\/div>\n\t\t<\/section>\n\t\t\t\t<section class=\"elementor-section elementor-top-section elementor-element elementor-element-dde7c49 elementor-section-boxed elementor-section-height-default elementor-section-height-default\" data-id=\"dde7c49\" data-element_type=\"section\">\n\t\t\t\t\t\t<div class=\"elementor-container elementor-column-gap-default\">\n\t\t\t\t\t<div class=\"elementor-column elementor-col-100 elementor-top-column elementor-element elementor-element-99eadba\" data-id=\"99eadba\" data-element_type=\"column\">\n\t\t\t<div class=\"elementor-widget-wrap elementor-element-populated\">\n\t\t\t\t\t\t\t\t<div class=\"elementor-element elementor-element-4b476e1 elementor-widget elementor-widget-heading\" data-id=\"4b476e1\" data-element_type=\"widget\" data-widget_type=\"heading.default\">\n\t\t\t\t<div class=\"elementor-widget-container\">\n\t\t\t<h2 class=\"elementor-heading-title elementor-size-default\">El proceso de investigar: Una mirada desde la contabilidad y la tributaci\u00f3n<\/h2>\t\t<\/div>\n\t\t\t\t<\/div>\n\t\t\t\t\t<\/div>\n\t\t<\/div>\n\t\t\t\t\t\t\t<\/div>\n\t\t<\/section>\n\t\t\t\t<section class=\"elementor-section elementor-top-section elementor-element elementor-element-3b25924 elementor-section-boxed elementor-section-height-default elementor-section-height-default\" data-id=\"3b25924\" data-element_type=\"section\">\n\t\t\t\t\t\t<div class=\"elementor-container elementor-column-gap-default\">\n\t\t\t\t\t<div class=\"elementor-column elementor-col-50 elementor-top-column elementor-element elementor-element-83f0753\" data-id=\"83f0753\" data-element_type=\"column\">\n\t\t\t<div class=\"elementor-widget-wrap elementor-element-populated\">\n\t\t\t\t\t\t\t\t<div class=\"elementor-element elementor-element-bb8d5c0 elementor-widget elementor-widget-image\" data-id=\"bb8d5c0\" data-element_type=\"widget\" data-widget_type=\"image.default\">\n\t\t\t\t<div class=\"elementor-widget-container\">\n\t\t\t\t\t\t\t\t\t\t\t\t\t\t\t<img loading=\"lazy\" decoding=\"async\" width=\"217\" height=\"245\" src=\"https:\/\/economicas.unsa.edu.ar\/si\/wp-content\/uploads\/2021\/09\/Marcolini.jpg\" class=\"attachment-medium size-medium\" alt=\"\" \/>\t\t\t\t\t\t\t\t\t\t\t\t\t\t\t<\/div>\n\t\t\t\t<\/div>\n\t\t\t\t\t<\/div>\n\t\t<\/div>\n\t\t\t\t<div class=\"elementor-column elementor-col-50 elementor-top-column elementor-element elementor-element-6237bbf\" data-id=\"6237bbf\" data-element_type=\"column\">\n\t\t\t<div class=\"elementor-widget-wrap elementor-element-populated\">\n\t\t\t\t\t\t\t\t<div class=\"elementor-element elementor-element-24d8ea3 elementor-widget elementor-widget-text-editor\" data-id=\"24d8ea3\" data-element_type=\"widget\" data-widget_type=\"text-editor.default\">\n\t\t\t\t<div class=\"elementor-widget-container\">\n\t\t\t\t\t\t\t\t<h4><span style=\"color: #9d3483;\"><strong>SILVINA BEATRIZ MARCOLINI<\/strong><\/span><\/h4><ul><li>Magister en Contabilidad, Contadora P\u00fablica Nacional y Profesora de Contabilidad de la Universidad Nacional de Rosario (UNR)<\/li><li>Docente Investigadora, Categor\u00eda II, del Programa de Fomento a la Investigaci\u00f3n Cient\u00edfica y Tecnol\u00f3gica de la Universidad Nacional de Rosario<\/li><li>Investigadora del \u00c1rea de Contabilidad del Centro de Estudios Cient\u00edficos y T\u00e9cnicos (CECyT) de la Federaci\u00f3n Argentina de Consejos Profesionales de Ciencias Econ\u00f3micas (FACPCE)<\/li><li>Docente de grado en universidades nacionales<\/li><li>Docente de posgrado en universidades nacionales y extranjeras<\/li><li>Autora de diversos trabajos publicados en el pa\u00eds y en el exterior<\/li><li>Profesional independiente<\/li><\/ul>\t\t\t\t\t\t<\/div>\n\t\t\t\t<\/div>\n\t\t\t\t\t<\/div>\n\t\t<\/div>\n\t\t\t\t\t\t\t<\/div>\n\t\t<\/section>\n\t\t\t\t\t\t<\/div>\n\t\t\t\t\t<\/div>\n\t\t","protected":false},"excerpt":{"rendered":"<p>Tenemos el agrado de informar que en \u00e9stas Jornadas de Investigaci\u00f3n contaremos con la presencia de Jorge D. Simaro, Omar Edgardo Tonelli y Silvina Beatriz Marcolini&#8230;<\/p>\n","protected":false},"author":2,"featured_media":0,"comment_status":"closed","ping_status":"open","sticky":false,"template":"elementor_header_footer","format":"standard","meta":{"footnotes":""},"categories":[6,3],"tags":[],"class_list":["post-617","post","type-post","status-publish","format-standard","hentry","category-contabilidad","category-novedades"],"_links":{"self":[{"href":"https:\/\/economicas.unsa.edu.ar\/si\/index.php?rest_route=\/wp\/v2\/posts\/617","targetHints":{"allow":["GET"]}}],"collection":[{"href":"https:\/\/economicas.unsa.edu.ar\/si\/index.php?rest_route=\/wp\/v2\/posts"}],"about":[{"href":"https:\/\/economicas.unsa.edu.ar\/si\/index.php?rest_route=\/wp\/v2\/types\/post"}],"author":[{"embeddable":true,"href":"https:\/\/economicas.unsa.edu.ar\/si\/index.php?rest_route=\/wp\/v2\/users\/2"}],"replies":[{"embeddable":true,"href":"https:\/\/economicas.unsa.edu.ar\/si\/index.php?rest_route=%2Fwp%2Fv2%2Fcomments&post=617"}],"version-history":[{"count":7,"href":"https:\/\/economicas.unsa.edu.ar\/si\/index.php?rest_route=\/wp\/v2\/posts\/617\/revisions"}],"predecessor-version":[{"id":663,"href":"https:\/\/economicas.unsa.edu.ar\/si\/index.php?rest_route=\/wp\/v2\/posts\/617\/revisions\/663"}],"wp:attachment":[{"href":"https:\/\/economicas.unsa.edu.ar\/si\/index.php?rest_route=%2Fwp%2Fv2%2Fmedia&parent=617"}],"wp:term":[{"taxonomy":"category","embeddable":true,"href":"https:\/\/economicas.unsa.edu.ar\/si\/index.php?rest_route=%2Fwp%2Fv2%2Fcategories&post=617"},{"taxonomy":"post_tag","embeddable":true,"href":"https:\/\/economicas.unsa.edu.ar\/si\/index.php?rest_route=%2Fwp%2Fv2%2Ftags&post=617"}],"curies":[{"name":"wp","href":"https:\/\/api.w.org\/{rel}","templated":true}]}}