{"id":628,"date":"2021-09-10T02:18:30","date_gmt":"2021-09-10T05:18:30","guid":{"rendered":"https:\/\/economicas.unsa.edu.ar\/si\/?p=628"},"modified":"2021-09-10T22:12:23","modified_gmt":"2021-09-11T01:12:23","slug":"conferencistas-del-area-administracion","status":"publish","type":"post","link":"https:\/\/economicas.unsa.edu.ar\/si\/?p=628","title":{"rendered":"Conferencistas del \u00c1rea Administraci\u00f3n"},"content":{"rendered":"\t\t<div data-elementor-type=\"wp-post\" data-elementor-id=\"628\" class=\"elementor elementor-628\" data-elementor-settings=\"[]\">\n\t\t\t\t\t\t\t<div class=\"elementor-section-wrap\">\n\t\t\t\t\t\t\t<section class=\"elementor-section elementor-top-section elementor-element elementor-element-820bb8b elementor-section-boxed elementor-section-height-default elementor-section-height-default\" data-id=\"820bb8b\" data-element_type=\"section\">\n\t\t\t\t\t\t<div class=\"elementor-container elementor-column-gap-default\">\n\t\t\t\t\t<div class=\"elementor-column elementor-col-100 elementor-top-column elementor-element elementor-element-aca8773\" data-id=\"aca8773\" data-element_type=\"column\">\n\t\t\t<div class=\"elementor-widget-wrap elementor-element-populated\">\n\t\t\t\t\t\t\t\t<div class=\"elementor-element elementor-element-087fe04 elementor-widget elementor-widget-heading\" data-id=\"087fe04\" data-element_type=\"widget\" data-widget_type=\"heading.default\">\n\t\t\t\t<div class=\"elementor-widget-container\">\n\t\t\t<h2 class=\"elementor-heading-title elementor-size-default\"><b>\u201cEn B\u00fasqueda del Gen \u00c9tico Empresarial\u201c<br><\/b>Un estudio exploratorio desde las empresas Cordobesas\n<\/h2>\t\t<\/div>\n\t\t\t\t<\/div>\n\t\t\t\t\t<\/div>\n\t\t<\/div>\n\t\t\t\t\t\t\t<\/div>\n\t\t<\/section>\n\t\t\t\t<section class=\"elementor-section elementor-top-section elementor-element elementor-element-264ee50 elementor-section-boxed elementor-section-height-default elementor-section-height-default\" data-id=\"264ee50\" data-element_type=\"section\">\n\t\t\t\t\t\t<div class=\"elementor-container elementor-column-gap-default\">\n\t\t\t\t\t<div class=\"elementor-column elementor-col-100 elementor-top-column elementor-element elementor-element-32fb803\" data-id=\"32fb803\" data-element_type=\"column\">\n\t\t\t<div class=\"elementor-widget-wrap elementor-element-populated\">\n\t\t\t\t\t\t\t\t<div class=\"elementor-element elementor-element-caafb7b elementor-widget elementor-widget-text-editor\" data-id=\"caafb7b\" data-element_type=\"widget\" data-widget_type=\"text-editor.default\">\n\t\t\t\t<div class=\"elementor-widget-container\">\n\t\t\t\t\t\t\t\t<p><strong>Consuelo \u00c1valos Gordillo<\/strong>, <strong>Jaime Rodr\u00edguez Alba<\/strong> y <strong>Carina Marqu\u00e9s Bertinatti<\/strong> ser\u00e1n unos de nuestros disertantes para el \u00e1rea de Administraci\u00f3n sobre un estudio exploratorio desde las empresas Cordobesas.<\/p>\t\t\t\t\t\t<\/div>\n\t\t\t\t<\/div>\n\t\t\t\t\t<\/div>\n\t\t<\/div>\n\t\t\t\t\t\t\t<\/div>\n\t\t<\/section>\n\t\t\t\t<section class=\"elementor-section elementor-top-section elementor-element elementor-element-643e6b2 elementor-section-boxed elementor-section-height-default elementor-section-height-default\" data-id=\"643e6b2\" data-element_type=\"section\">\n\t\t\t\t\t\t<div class=\"elementor-container elementor-column-gap-default\">\n\t\t\t\t\t<div class=\"elementor-column elementor-col-33 elementor-top-column elementor-element elementor-element-7a4417b\" data-id=\"7a4417b\" data-element_type=\"column\">\n\t\t\t<div class=\"elementor-widget-wrap elementor-element-populated\">\n\t\t\t\t\t\t\t\t<div class=\"elementor-element elementor-element-98f34a3 elementor-widget elementor-widget-image\" data-id=\"98f34a3\" data-element_type=\"widget\" data-widget_type=\"image.default\">\n\t\t\t\t<div class=\"elementor-widget-container\">\n\t\t\t\t\t\t\t\t\t\t\t\t\t\t\t<img loading=\"lazy\" decoding=\"async\" width=\"259\" height=\"259\" src=\"https:\/\/economicas.unsa.edu.ar\/si\/wp-content\/uploads\/2021\/09\/Avalos.jpg\" class=\"attachment-medium size-medium\" alt=\"\" srcset=\"https:\/\/economicas.unsa.edu.ar\/si\/wp-content\/uploads\/2021\/09\/Avalos.jpg 259w, https:\/\/economicas.unsa.edu.ar\/si\/wp-content\/uploads\/2021\/09\/Avalos-150x150.jpg 150w\" sizes=\"auto, (max-width: 259px) 100vw, 259px\" \/>\t\t\t\t\t\t\t\t\t\t\t\t\t\t\t<\/div>\n\t\t\t\t<\/div>\n\t\t\t\t<div class=\"elementor-element elementor-element-29c4a56 elementor-widget elementor-widget-text-editor\" data-id=\"29c4a56\" data-element_type=\"widget\" data-widget_type=\"text-editor.default\">\n\t\t\t\t<div class=\"elementor-widget-container\">\n\t\t\t\t\t\t\t\t<h4 style=\"text-align: center;\"><span style=\"color: #9d3483;\"><strong>CONSUELO \u00c1VALOS GORDILLO<\/strong><\/span><\/h4><ul><li>Licenciada en Administraci\u00f3n de Empresas, Argentina.<\/li><li>Master of Business Administration (MBA), ESADE.<\/li><li>Docente, coordinadora de la Maestr\u00eda en Direcci\u00f3n de Empresas en la Universidad Siglo 21. <\/li><li>Finalista de la primera etapa de los EQUAA Awards 2019 \u2013 Premio Internacional a la Innovaci\u00f3n en Administraci\u00f3n y Negocios.<\/li><\/ul>\t\t\t\t\t\t<\/div>\n\t\t\t\t<\/div>\n\t\t\t\t\t<\/div>\n\t\t<\/div>\n\t\t\t\t<div class=\"elementor-column elementor-col-33 elementor-top-column elementor-element elementor-element-7f93969\" data-id=\"7f93969\" data-element_type=\"column\">\n\t\t\t<div class=\"elementor-widget-wrap elementor-element-populated\">\n\t\t\t\t\t\t\t\t<div class=\"elementor-element elementor-element-73683f6 elementor-widget elementor-widget-image\" data-id=\"73683f6\" data-element_type=\"widget\" data-widget_type=\"image.default\">\n\t\t\t\t<div class=\"elementor-widget-container\">\n\t\t\t\t\t\t\t\t\t\t\t\t\t\t\t<img loading=\"lazy\" decoding=\"async\" width=\"174\" height=\"206\" src=\"https:\/\/economicas.unsa.edu.ar\/si\/wp-content\/uploads\/2021\/09\/Alba.png\" class=\"attachment-medium size-medium\" alt=\"\" \/>\t\t\t\t\t\t\t\t\t\t\t\t\t\t\t<\/div>\n\t\t\t\t<\/div>\n\t\t\t\t<div class=\"elementor-element elementor-element-40869a9 elementor-widget elementor-widget-text-editor\" data-id=\"40869a9\" data-element_type=\"widget\" data-widget_type=\"text-editor.default\">\n\t\t\t\t<div class=\"elementor-widget-container\">\n\t\t\t\t\t\t\t\t<h4 style=\"text-align: center;\"><span style=\"color: #9d3483;\"><strong>JAIME RODR\u00cdGUEZ ALBA<\/strong><\/span><\/h4><ul><li>Doctor en Filosof\u00eda UNED.<\/li><li>Magister en Sociolog\u00eda, Universidad Complutense de Madrid.<\/li><li>Licenciado en Filosof\u00eda, Universidad de Oviedo, Espa\u00f1a.<\/li><li>Profesor titular de \u00c9tica, Responsabilidad Social y Profesional en la Universidad Siglo 21, C\u00f3rdoba, Argentina.<\/li><li>Particip\u00f3 de numerosos proyectos de Investigaci\u00f3n nacionales e internacionales en temas de \u00e9tica y gesti\u00f3n p\u00fablica.<\/li><li>Escritor de numerosos cap\u00edtulos de libros y art\u00edculos de revistas.<\/li><\/ul>\t\t\t\t\t\t<\/div>\n\t\t\t\t<\/div>\n\t\t\t\t\t<\/div>\n\t\t<\/div>\n\t\t\t\t<div class=\"elementor-column elementor-col-33 elementor-top-column elementor-element elementor-element-4fd69d3\" data-id=\"4fd69d3\" data-element_type=\"column\">\n\t\t\t<div class=\"elementor-widget-wrap elementor-element-populated\">\n\t\t\t\t\t\t\t\t<div class=\"elementor-element elementor-element-e31a8b7 elementor-widget elementor-widget-image\" data-id=\"e31a8b7\" data-element_type=\"widget\" data-widget_type=\"image.default\">\n\t\t\t\t<div class=\"elementor-widget-container\">\n\t\t\t\t\t\t\t\t\t\t\t\t\t\t\t<img loading=\"lazy\" decoding=\"async\" width=\"300\" height=\"169\" src=\"https:\/\/economicas.unsa.edu.ar\/si\/wp-content\/uploads\/2021\/09\/Bertinatti-300x169.jpg\" class=\"attachment-medium size-medium\" alt=\"\" srcset=\"https:\/\/economicas.unsa.edu.ar\/si\/wp-content\/uploads\/2021\/09\/Bertinatti-300x169.jpg 300w, https:\/\/economicas.unsa.edu.ar\/si\/wp-content\/uploads\/2021\/09\/Bertinatti.jpg 359w\" sizes=\"auto, (max-width: 300px) 100vw, 300px\" \/>\t\t\t\t\t\t\t\t\t\t\t\t\t\t\t<\/div>\n\t\t\t\t<\/div>\n\t\t\t\t<div class=\"elementor-element elementor-element-9880be6 elementor-widget elementor-widget-text-editor\" data-id=\"9880be6\" data-element_type=\"widget\" data-widget_type=\"text-editor.default\">\n\t\t\t\t<div class=\"elementor-widget-container\">\n\t\t\t\t\t\t\t\t<h4 style=\"text-align: center;\"><span style=\"color: #9d3483;\"><strong>CARINA MARQU\u00c9S BERTINATTI<\/strong><\/span><\/h4><ul><li>Licenciada en Econom\u00eda, Universidad Nacional de C\u00f3rdoba.<\/li><li>M\u00e1ster en Direcci\u00f3n de Negocios &#8211; Administraci\u00f3n y gesti\u00f3n de empresas, UNC.<\/li><li>Diplomatura en Gesti\u00f3n P\u00fablica, Universidad Cat\u00f3lica de C\u00f3rdoba.<\/li><li>M\u00e1ster en Marketing, Consultor\u00eda y Comunicaci\u00f3n Pol\u00edtica, Universidad de Santiago de Compostela.<\/li><li>Directora de carrera Lic. Administraci\u00f3n P\u00fablica, Universidad Empresarial Siglo 21.<\/li><li>Titular Docente en carreras de grado, posgrado y diplomaturas, Universidad Empresarial Siglo 21.<\/li><\/ul>\t\t\t\t\t\t<\/div>\n\t\t\t\t<\/div>\n\t\t\t\t\t<\/div>\n\t\t<\/div>\n\t\t\t\t\t\t\t<\/div>\n\t\t<\/section>\n\t\t\t\t<section class=\"elementor-section elementor-top-section elementor-element elementor-element-3f7e73f elementor-section-boxed elementor-section-height-default elementor-section-height-default\" data-id=\"3f7e73f\" data-element_type=\"section\">\n\t\t\t\t\t\t<div class=\"elementor-container elementor-column-gap-default\">\n\t\t\t\t\t<div class=\"elementor-column elementor-col-100 elementor-top-column elementor-element elementor-element-c2ece1e\" data-id=\"c2ece1e\" data-element_type=\"column\">\n\t\t\t<div class=\"elementor-widget-wrap elementor-element-populated\">\n\t\t\t\t\t\t\t\t<div class=\"elementor-element elementor-element-ab4cf4a elementor-widget-divider--separator-type-pattern elementor-widget-divider--view-line elementor-widget elementor-widget-divider\" data-id=\"ab4cf4a\" data-element_type=\"widget\" data-widget_type=\"divider.default\">\n\t\t\t\t<div class=\"elementor-widget-container\">\n\t\t\t\t\t<div class=\"elementor-divider\" style=\"--divider-pattern-url: url(&quot;data:image\/svg+xml,%3Csvg xmlns=&#039;http:\/\/www.w3.org\/2000\/svg&#039; preserveAspectRatio=&#039;none&#039; overflow=&#039;visible&#039; height=&#039;100%&#039; viewBox=&#039;0 0 20 16&#039; fill=&#039;none&#039; stroke=&#039;black&#039; stroke-width=&#039;1&#039; stroke-linecap=&#039;square&#039; stroke-miterlimit=&#039;10&#039;%3E%3Cg transform=&#039;translate(-12.000000, 0)&#039;%3E%3Cpath d=&#039;M28,0L10,18&#039;\/%3E%3Cpath d=&#039;M18,0L0,18&#039;\/%3E%3Cpath d=&#039;M48,0L30,18&#039;\/%3E%3Cpath d=&#039;M38,0L20,18&#039;\/%3E%3C\/g%3E%3C\/svg%3E&quot;);\">\n\t\t\t<span class=\"elementor-divider-separator\">\n\t\t\t\t\t\t<\/span>\n\t\t<\/div>\n\t\t\t\t<\/div>\n\t\t\t\t<\/div>\n\t\t\t\t\t<\/div>\n\t\t<\/div>\n\t\t\t\t\t\t\t<\/div>\n\t\t<\/section>\n\t\t\t\t<section class=\"elementor-section elementor-top-section elementor-element elementor-element-c554c09 elementor-section-boxed elementor-section-height-default elementor-section-height-default\" data-id=\"c554c09\" data-element_type=\"section\">\n\t\t\t\t\t\t<div class=\"elementor-container elementor-column-gap-default\">\n\t\t\t\t\t<div class=\"elementor-column elementor-col-100 elementor-top-column elementor-element elementor-element-cfabe52\" data-id=\"cfabe52\" data-element_type=\"column\">\n\t\t\t<div class=\"elementor-widget-wrap elementor-element-populated\">\n\t\t\t\t\t\t\t\t<div class=\"elementor-element elementor-element-0838040 elementor-widget elementor-widget-heading\" data-id=\"0838040\" data-element_type=\"widget\" data-widget_type=\"heading.default\">\n\t\t\t\t<div class=\"elementor-widget-container\">\n\t\t\t<h2 class=\"elementor-heading-title elementor-size-default\">Nuevas tendencias. <b>Desaf\u00edos de los Licenciados en Administraci\u00f3n<\/b>\n<\/h2>\t\t<\/div>\n\t\t\t\t<\/div>\n\t\t\t\t\t<\/div>\n\t\t<\/div>\n\t\t\t\t\t\t\t<\/div>\n\t\t<\/section>\n\t\t\t\t<section class=\"elementor-section elementor-top-section elementor-element elementor-element-f45ae9b elementor-section-boxed elementor-section-height-default elementor-section-height-default\" data-id=\"f45ae9b\" data-element_type=\"section\">\n\t\t\t\t\t\t<div class=\"elementor-container elementor-column-gap-default\">\n\t\t\t\t\t<div class=\"elementor-column elementor-col-100 elementor-top-column elementor-element elementor-element-2bdb6ab\" data-id=\"2bdb6ab\" data-element_type=\"column\">\n\t\t\t<div class=\"elementor-widget-wrap elementor-element-populated\">\n\t\t\t\t\t\t\t\t<div class=\"elementor-element elementor-element-b0f902d elementor-widget elementor-widget-text-editor\" data-id=\"b0f902d\" data-element_type=\"widget\" data-widget_type=\"text-editor.default\">\n\t\t\t\t<div class=\"elementor-widget-container\">\n\t\t\t\t\t\t\t\t<p>Tenemos el agrado adem\u00e1s de informar que en \u00e9stas Jornadas de Investigaci\u00f3n contaremos con la presencia del doctor en Ciencias Econ\u00f3micas <strong>Catalino N\u00fa\u00f1ez<\/strong>, donde disertar\u00e1 sobre los desaf\u00edos actuales que enfrentan los Licenciados en Administraci\u00f3n.<\/p>\t\t\t\t\t\t<\/div>\n\t\t\t\t<\/div>\n\t\t\t\t\t<\/div>\n\t\t<\/div>\n\t\t\t\t\t\t\t<\/div>\n\t\t<\/section>\n\t\t\t\t<section class=\"elementor-section elementor-top-section elementor-element elementor-element-2468127 elementor-section-boxed elementor-section-height-default elementor-section-height-default\" data-id=\"2468127\" data-element_type=\"section\">\n\t\t\t\t\t\t<div class=\"elementor-container elementor-column-gap-default\">\n\t\t\t\t\t<div class=\"elementor-column elementor-col-50 elementor-top-column elementor-element elementor-element-3e60176\" data-id=\"3e60176\" data-element_type=\"column\">\n\t\t\t<div class=\"elementor-widget-wrap elementor-element-populated\">\n\t\t\t\t\t\t\t\t<div class=\"elementor-element elementor-element-5ae6908 elementor-widget elementor-widget-image\" data-id=\"5ae6908\" data-element_type=\"widget\" data-widget_type=\"image.default\">\n\t\t\t\t<div class=\"elementor-widget-container\">\n\t\t\t\t\t\t\t\t\t\t\t\t\t\t\t<img loading=\"lazy\" decoding=\"async\" width=\"205\" height=\"198\" src=\"https:\/\/economicas.unsa.edu.ar\/si\/wp-content\/uploads\/2021\/09\/Nunez.png\" class=\"attachment-medium size-medium\" alt=\"\" \/>\t\t\t\t\t\t\t\t\t\t\t\t\t\t\t<\/div>\n\t\t\t\t<\/div>\n\t\t\t\t\t<\/div>\n\t\t<\/div>\n\t\t\t\t<div class=\"elementor-column elementor-col-50 elementor-top-column elementor-element elementor-element-59cff07\" data-id=\"59cff07\" data-element_type=\"column\">\n\t\t\t<div class=\"elementor-widget-wrap elementor-element-populated\">\n\t\t\t\t\t\t\t\t<div class=\"elementor-element elementor-element-27bb5c4 elementor-widget elementor-widget-text-editor\" data-id=\"27bb5c4\" data-element_type=\"widget\" data-widget_type=\"text-editor.default\">\n\t\t\t\t<div class=\"elementor-widget-container\">\n\t\t\t\t\t\t\t\t<h4 style=\"text-align: left;\"><span style=\"color: #9d3483;\"><strong>CATALINO N\u00da\u00d1EZ<\/strong><\/span><\/h4><ul><li style=\"text-align: left;\">Doctor en Ciencias Econ\u00f3micas &#8211; \u00c1rea Administraci\u00f3n.<\/li><li style=\"text-align: left;\">Magister en Administraci\u00f3n.<\/li><li style=\"text-align: left;\">Profesor Titular en la Facultad de Ciencias Econ\u00f3micas de la Universidad de Buenos Aires.<\/li><li style=\"text-align: left;\">Director General de la Escuela de Negocios y Administraci\u00f3n P\u00fablica- UBA.<\/li><li style=\"text-align: left;\">Director del Instituto Confucio- UBA<\/li><li style=\"text-align: left;\">Director Acad\u00e9mico de Maestr\u00eda en la Universidad Nacional de Asunci\u00f3n- Paraguay.<\/li><\/ul>\t\t\t\t\t\t<\/div>\n\t\t\t\t<\/div>\n\t\t\t\t\t<\/div>\n\t\t<\/div>\n\t\t\t\t\t\t\t<\/div>\n\t\t<\/section>\n\t\t\t\t\t\t<\/div>\n\t\t\t\t\t<\/div>\n\t\t","protected":false},"excerpt":{"rendered":"<p>Consuelo \u00c1valos Gordillo, Jaime Rodr\u00edguez Alba, Carina Marqu\u00e9s Bertinatti y Catalino N\u00fa\u00f1ez ser\u00e1n unos de nuestros disertantes para el \u00e1rea de Administraci\u00f3n&#8230;<\/p>\n","protected":false},"author":2,"featured_media":0,"comment_status":"closed","ping_status":"open","sticky":false,"template":"elementor_header_footer","format":"standard","meta":{"footnotes":""},"categories":[7,3],"tags":[],"class_list":["post-628","post","type-post","status-publish","format-standard","hentry","category-administracion","category-novedades"],"_links":{"self":[{"href":"https:\/\/economicas.unsa.edu.ar\/si\/index.php?rest_route=\/wp\/v2\/posts\/628","targetHints":{"allow":["GET"]}}],"collection":[{"href":"https:\/\/economicas.unsa.edu.ar\/si\/index.php?rest_route=\/wp\/v2\/posts"}],"about":[{"href":"https:\/\/economicas.unsa.edu.ar\/si\/index.php?rest_route=\/wp\/v2\/types\/post"}],"author":[{"embeddable":true,"href":"https:\/\/economicas.unsa.edu.ar\/si\/index.php?rest_route=\/wp\/v2\/users\/2"}],"replies":[{"embeddable":true,"href":"https:\/\/economicas.unsa.edu.ar\/si\/index.php?rest_route=%2Fwp%2Fv2%2Fcomments&post=628"}],"version-history":[{"count":9,"href":"https:\/\/economicas.unsa.edu.ar\/si\/index.php?rest_route=\/wp\/v2\/posts\/628\/revisions"}],"predecessor-version":[{"id":647,"href":"https:\/\/economicas.unsa.edu.ar\/si\/index.php?rest_route=\/wp\/v2\/posts\/628\/revisions\/647"}],"wp:attachment":[{"href":"https:\/\/economicas.unsa.edu.ar\/si\/index.php?rest_route=%2Fwp%2Fv2%2Fmedia&parent=628"}],"wp:term":[{"taxonomy":"category","embeddable":true,"href":"https:\/\/economicas.unsa.edu.ar\/si\/index.php?rest_route=%2Fwp%2Fv2%2Fcategories&post=628"},{"taxonomy":"post_tag","embeddable":true,"href":"https:\/\/economicas.unsa.edu.ar\/si\/index.php?rest_route=%2Fwp%2Fv2%2Ftags&post=628"}],"curies":[{"name":"wp","href":"https:\/\/api.w.org\/{rel}","templated":true}]}}