{"id":648,"date":"2021-09-10T23:36:55","date_gmt":"2021-09-11T02:36:55","guid":{"rendered":"https:\/\/economicas.unsa.edu.ar\/si\/?p=648"},"modified":"2021-09-11T00:41:10","modified_gmt":"2021-09-11T03:41:10","slug":"conferencistas-del-area-economia","status":"publish","type":"post","link":"https:\/\/economicas.unsa.edu.ar\/si\/?p=648","title":{"rendered":"Conferencistas del \u00c1rea Econom\u00eda"},"content":{"rendered":"\t\t<div data-elementor-type=\"wp-post\" data-elementor-id=\"648\" class=\"elementor elementor-648\" data-elementor-settings=\"[]\">\n\t\t\t\t\t\t\t<div class=\"elementor-section-wrap\">\n\t\t\t\t\t\t\t<section class=\"elementor-section elementor-top-section elementor-element elementor-element-820bb8b elementor-section-boxed elementor-section-height-default elementor-section-height-default\" data-id=\"820bb8b\" data-element_type=\"section\">\n\t\t\t\t\t\t<div class=\"elementor-container elementor-column-gap-default\">\n\t\t\t\t\t<div class=\"elementor-column elementor-col-100 elementor-top-column elementor-element elementor-element-aca8773\" data-id=\"aca8773\" data-element_type=\"column\">\n\t\t\t<div class=\"elementor-widget-wrap elementor-element-populated\">\n\t\t\t\t\t\t\t\t<div class=\"elementor-element elementor-element-087fe04 elementor-widget elementor-widget-heading\" data-id=\"087fe04\" data-element_type=\"widget\" data-widget_type=\"heading.default\">\n\t\t\t\t<div class=\"elementor-widget-container\">\n\t\t\t<h2 class=\"elementor-heading-title elementor-size-default\"><b>Conferencistas de las JICES \u00c1rea Econom\u00eda <\/b><\/h2>\t\t<\/div>\n\t\t\t\t<\/div>\n\t\t\t\t\t<\/div>\n\t\t<\/div>\n\t\t\t\t\t\t\t<\/div>\n\t\t<\/section>\n\t\t\t\t<section class=\"elementor-section elementor-top-section elementor-element elementor-element-643e6b2 elementor-section-boxed elementor-section-height-default elementor-section-height-default\" data-id=\"643e6b2\" data-element_type=\"section\">\n\t\t\t\t\t\t<div class=\"elementor-container elementor-column-gap-default\">\n\t\t\t\t\t<div class=\"elementor-column elementor-col-33 elementor-top-column elementor-element elementor-element-7a4417b\" data-id=\"7a4417b\" data-element_type=\"column\">\n\t\t\t<div class=\"elementor-widget-wrap elementor-element-populated\">\n\t\t\t\t\t\t\t\t<div class=\"elementor-element elementor-element-98f34a3 elementor-widget elementor-widget-image\" data-id=\"98f34a3\" data-element_type=\"widget\" data-widget_type=\"image.default\">\n\t\t\t\t<div class=\"elementor-widget-container\">\n\t\t\t\t\t\t\t\t\t\t\t\t\t\t\t<img loading=\"lazy\" decoding=\"async\" width=\"300\" height=\"195\" src=\"https:\/\/economicas.unsa.edu.ar\/si\/wp-content\/uploads\/2021\/09\/Pelino-300x195.png\" class=\"attachment-medium size-medium\" alt=\"\" srcset=\"https:\/\/economicas.unsa.edu.ar\/si\/wp-content\/uploads\/2021\/09\/Pelino-300x195.png 300w, https:\/\/economicas.unsa.edu.ar\/si\/wp-content\/uploads\/2021\/09\/Pelino.png 411w\" sizes=\"auto, (max-width: 300px) 100vw, 300px\" \/>\t\t\t\t\t\t\t\t\t\t\t\t\t\t\t<\/div>\n\t\t\t\t<\/div>\n\t\t\t\t<div class=\"elementor-element elementor-element-59167e6 elementor-widget elementor-widget-text-editor\" data-id=\"59167e6\" data-element_type=\"widget\" data-widget_type=\"text-editor.default\">\n\t\t\t\t<div class=\"elementor-widget-container\">\n\t\t\t\t\t\t\t\t<h4 style=\"text-align: left;\"><span style=\"color: #9d3483;\"><strong>ANDR\u00c9S DI PELINO<\/strong><\/span><\/h4><p><strong>\u201cRegulaci\u00f3n interjurisdiccional El\u00e9ctrica <\/strong><strong>Caso Edenor \u2013 Edesur. <\/strong><strong>Ventajas y Desventajas\u201d<\/strong><\/p><ul><li>Doctorando en Econom\u00eda por la Universidad Cat\u00f3lica Argentina<\/li><li>Magister en Energ\u00eda y en Administraci\u00f3n P\u00fablica- UBA.<\/li><li>Especialista en Administraci\u00f3n Financiera del Sector P\u00fablico (UBA).<\/li><li>Profesor Adjunto de Econom\u00eda de la Energ\u00eda, de Microeconom\u00eda I, de Administraci\u00f3n Financiera y de Macroeconom\u00eda y Pol\u00edtica Econ\u00f3mica de la Facultad de Ciencias Econ\u00f3micas de la Universidad de Buenos Aires<\/li><li>Se ha desempe\u00f1ado como Subdirector del Centro de Estudios en Econom\u00eda y Gesti\u00f3n de la Energ\u00eda (CEEGE), UBA.<\/li><li>Integra la Comisi\u00f3n Directiva del Instituto Argentino de la Energ\u00eda \u00abGeneral Mosconi\u00bb.<\/li><li>Integra el Consejo de Administraci\u00f3n del Centro de Estudios de la Actividad Regulatoria Energ\u00e9tica (CEARE)<\/li><li>Socio de la Asociaci\u00f3n Argentina de Econom\u00eda Pol\u00edtica (AAEP) y de la Asociaci\u00f3n Argentina de Presupuesto P\u00fablico y Administraci\u00f3n Financiera P\u00fablica (ASAP)<\/li><li>Socio de The International Association for Energy Economics (IAEE).<\/li><\/ul>\t\t\t\t\t\t<\/div>\n\t\t\t\t<\/div>\n\t\t\t\t\t<\/div>\n\t\t<\/div>\n\t\t\t\t<div class=\"elementor-column elementor-col-33 elementor-top-column elementor-element elementor-element-7f93969\" data-id=\"7f93969\" data-element_type=\"column\">\n\t\t\t<div class=\"elementor-widget-wrap elementor-element-populated\">\n\t\t\t\t\t\t\t\t<div class=\"elementor-element elementor-element-73683f6 elementor-widget elementor-widget-image\" data-id=\"73683f6\" data-element_type=\"widget\" data-widget_type=\"image.default\">\n\t\t\t\t<div class=\"elementor-widget-container\">\n\t\t\t\t\t\t\t\t\t\t\t\t\t\t\t<img loading=\"lazy\" decoding=\"async\" width=\"206\" height=\"245\" src=\"https:\/\/economicas.unsa.edu.ar\/si\/wp-content\/uploads\/2021\/09\/Sienra.jpg\" class=\"attachment-medium size-medium\" alt=\"\" \/>\t\t\t\t\t\t\t\t\t\t\t\t\t\t\t<\/div>\n\t\t\t\t<\/div>\n\t\t\t\t<div class=\"elementor-element elementor-element-40869a9 elementor-widget elementor-widget-text-editor\" data-id=\"40869a9\" data-element_type=\"widget\" data-widget_type=\"text-editor.default\">\n\t\t\t\t<div class=\"elementor-widget-container\">\n\t\t\t\t\t\t\t\t<h4 style=\"text-align: left;\"><span style=\"color: #9d3483;\"><strong>ADOLFO GARC\u00cdA DE LA SIENRA<\/strong><\/span><\/h4><p style=\"text-align: left;\"><strong>\u00abUna comparaci\u00f3n entre las concepciones enunciativa y estructuralista en econom\u00eda: el caso de la teor\u00eda del consumidor\u00bb<\/strong><\/p><ul><li>Licenciado en Filosof\u00eda por la Universidad Nacional Aut\u00f3noma de M\u00e9xico.<\/li><li>Doctor y Maestro en Filosof\u00eda con especialidad en Filosof\u00eda de la Ciencia, por la Universidad de Stanford.<\/li><li>Miembro del Sistema Nacional de Investigadores (Investigador Nacional de M\u00e9xico) y del \u201cInternational Network of Economic Method\u201d desde 2007.<\/li><li>Presidente de la Sociedad Iberoamericana de Metodolog\u00eda Econ\u00f3mica desde 2009.<\/li><li>Profesor Investigador en la Facultad de Econom\u00eda en Universidad Veracruzana, M\u00e9xico.<\/li><li>Profesor del Instituto de Administraci\u00f3n P\u00fablica de Veracruz, donde ha impartido diversos cursos de maestr\u00eda y doctorado.<\/li><li>Director del Instituto de Filosof\u00eda de la Universidad Veracruzana, desde el 7 de marzo de 2008.<\/li><li>Investigador de teor\u00edas econ\u00f3micas analizando diversos enfoques entre ellos conceptos clave del marxismo y la econometr\u00eda.<\/li><li>Autor de numerosas publicaciones en revistas, libros, Congresos y Jornadas. Destacamos su \u00faltimo libro \u201cA Structuralist Theory of Economics\u201d publicada por Taylor &amp; Francis Group en 2019.<\/li><\/ul>\t\t\t\t\t\t<\/div>\n\t\t\t\t<\/div>\n\t\t\t\t\t<\/div>\n\t\t<\/div>\n\t\t\t\t<div class=\"elementor-column elementor-col-33 elementor-top-column elementor-element elementor-element-4fd69d3\" data-id=\"4fd69d3\" data-element_type=\"column\">\n\t\t\t<div class=\"elementor-widget-wrap elementor-element-populated\">\n\t\t\t\t\t\t\t\t<div class=\"elementor-element elementor-element-e31a8b7 elementor-widget elementor-widget-image\" data-id=\"e31a8b7\" data-element_type=\"widget\" data-widget_type=\"image.default\">\n\t\t\t\t<div class=\"elementor-widget-container\">\n\t\t\t\t\t\t\t\t\t\t\t\t\t\t\t<img loading=\"lazy\" decoding=\"async\" width=\"300\" height=\"168\" src=\"https:\/\/economicas.unsa.edu.ar\/si\/wp-content\/uploads\/2021\/09\/paz-300x168.jpg\" class=\"attachment-medium size-medium\" alt=\"\" srcset=\"https:\/\/economicas.unsa.edu.ar\/si\/wp-content\/uploads\/2021\/09\/paz-300x168.jpg 300w, https:\/\/economicas.unsa.edu.ar\/si\/wp-content\/uploads\/2021\/09\/paz.jpg 719w\" sizes=\"auto, (max-width: 300px) 100vw, 300px\" \/>\t\t\t\t\t\t\t\t\t\t\t\t\t\t\t<\/div>\n\t\t\t\t<\/div>\n\t\t\t\t<div class=\"elementor-element elementor-element-9880be6 elementor-widget elementor-widget-text-editor\" data-id=\"9880be6\" data-element_type=\"widget\" data-widget_type=\"text-editor.default\">\n\t\t\t\t<div class=\"elementor-widget-container\">\n\t\t\t\t\t\t\t\t<h4 style=\"text-align: left;\"><span style=\"color: #9d3483;\"><strong>JORGE PAZ<\/strong><\/span><\/h4><p><strong>\u201c\u00bfPor qu\u00e9 pudimos llegar a la luna y no somos capaces de erradicar la pobreza?\u201d<\/strong><\/p><ul><li>Doctor en Econom\u00eda (UCEMA, 2007).<\/li><li>Doctor en Demograf\u00eda (UNC, 2018).<\/li><li>Investigador principal del Consejo Nacional de Investigaciones Cient\u00edficas y T\u00e9cnicas (CONICET).<\/li><li>Investigador categor\u00eda 1 del Programa de Incentivos (Ministerio de Educaci\u00f3n de la Naci\u00f3n).<\/li><li>Profesor regular titular de la Universidad Nacional de Salta.<\/li><li>Investigador senior del proyecto internacional National Transfer Accounts (NTA), University of California at Berkeley.<\/li><li>Dirige el Instituto de Estudios Laborales y del Desarrollo Econ\u00f3mico (IELDE) y de la Maestr\u00eda en Econom\u00eda del Desarrollo (MED), ambos de la Universidad Nacional de Salta.<\/li><li>Ha sido investigador asociado de la CEPAL, consultor de OIT, Banco Mundial, BID y UNFPA, y lidera proyectos sobre pobreza infantil en UNICEF.<\/li><li>Ha publicado 9 libros y m\u00e1s de 40 art\u00edculos en revistas acad\u00e9micas.<\/li><\/ul>\t\t\t\t\t\t<\/div>\n\t\t\t\t<\/div>\n\t\t\t\t\t<\/div>\n\t\t<\/div>\n\t\t\t\t\t\t\t<\/div>\n\t\t<\/section>\n\t\t\t\t\t\t<\/div>\n\t\t\t\t\t<\/div>\n\t\t","protected":false},"excerpt":{"rendered":"<p>Andr\u00e9s Di Pelino, Adolfo Garc\u00eda de la Sienra y Jorge Paz ser\u00e1n unos de nuestros conferencistas para el \u00e1rea de Econom\u00eda&#8230;<\/p>\n","protected":false},"author":2,"featured_media":0,"comment_status":"closed","ping_status":"open","sticky":false,"template":"elementor_header_footer","format":"standard","meta":{"footnotes":""},"categories":[9,3],"tags":[],"class_list":["post-648","post","type-post","status-publish","format-standard","hentry","category-economia","category-novedades"],"_links":{"self":[{"href":"https:\/\/economicas.unsa.edu.ar\/si\/index.php?rest_route=\/wp\/v2\/posts\/648","targetHints":{"allow":["GET"]}}],"collection":[{"href":"https:\/\/economicas.unsa.edu.ar\/si\/index.php?rest_route=\/wp\/v2\/posts"}],"about":[{"href":"https:\/\/economicas.unsa.edu.ar\/si\/index.php?rest_route=\/wp\/v2\/types\/post"}],"author":[{"embeddable":true,"href":"https:\/\/economicas.unsa.edu.ar\/si\/index.php?rest_route=\/wp\/v2\/users\/2"}],"replies":[{"embeddable":true,"href":"https:\/\/economicas.unsa.edu.ar\/si\/index.php?rest_route=%2Fwp%2Fv2%2Fcomments&post=648"}],"version-history":[{"count":5,"href":"https:\/\/economicas.unsa.edu.ar\/si\/index.php?rest_route=\/wp\/v2\/posts\/648\/revisions"}],"predecessor-version":[{"id":1060,"href":"https:\/\/economicas.unsa.edu.ar\/si\/index.php?rest_route=\/wp\/v2\/posts\/648\/revisions\/1060"}],"wp:attachment":[{"href":"https:\/\/economicas.unsa.edu.ar\/si\/index.php?rest_route=%2Fwp%2Fv2%2Fmedia&parent=648"}],"wp:term":[{"taxonomy":"category","embeddable":true,"href":"https:\/\/economicas.unsa.edu.ar\/si\/index.php?rest_route=%2Fwp%2Fv2%2Fcategories&post=648"},{"taxonomy":"post_tag","embeddable":true,"href":"https:\/\/economicas.unsa.edu.ar\/si\/index.php?rest_route=%2Fwp%2Fv2%2Ftags&post=648"}],"curies":[{"name":"wp","href":"https:\/\/api.w.org\/{rel}","templated":true}]}}